{"id":2820,"date":"2025-11-20T08:24:02","date_gmt":"2025-11-20T07:24:02","guid":{"rendered":"http:\/\/www.marielaurepercot.fr\/?p=2820"},"modified":"2025-11-20T08:46:34","modified_gmt":"2025-11-20T07:46:34","slug":"veillee-du-solstice-dhiver-le-19-decembre","status":"publish","type":"post","link":"http:\/\/www.marielaurepercot.fr\/index.php\/2025\/11\/20\/veillee-du-solstice-dhiver-le-19-decembre\/","title":{"rendered":"Veill\u00e9e du Solstice d&rsquo;hiver, le 19 d\u00e9cembre"},"content":{"rendered":"\n<div class=\"wp-block-columns is-layout-flex wp-container-core-columns-is-layout-9d6595d7 wp-block-columns-is-layout-flex\">\n<div class=\"wp-block-column is-layout-flow wp-block-column-is-layout-flow\">\n<p>A nouveau, je vous propose de f\u00eater le solstice d&rsquo;hiver. Cette fois-ci, c&rsquo;est une veill\u00e9e \u00e0 l&rsquo;image d&rsquo;une ode \u00e0 la vie pour en mesurer tous les petits moments, toutes les petits \u00e9tapes n\u00e9cessaires qui nous permettent d&rsquo;en retrouver sa pleine saveur. C&rsquo;est un temps \u00e0 la fois d&rsquo;introspection et de partage. Je la concocte comme une petite f\u00e9e qui s&rsquo;amuse \u00e0 inventer \u00e0 partir de ce qui m&rsquo;anime : le corps, la danse, la cr\u00e9ativit\u00e9, la m\u00e9ditation.<\/p>\n<\/div>\n\n\n\n<div class=\"wp-block-column is-layout-flow wp-block-column-is-layout-flow\">\n<figure class=\"wp-block-image size-full\"><img loading=\"lazy\" decoding=\"async\" width=\"640\" height=\"331\" src=\"http:\/\/www.marielaurepercot.fr\/wp-content\/uploads\/2025\/11\/candles-2628473_640.jpg\" alt=\"Veill\u00e9e d'amour solstice d'hiver vendredi 19 d\u00e9cembre 2025 de 17h \u00e0 20h marie laure Percot somatoth\u00e9rapute praticienne du Chi Nei tsang centre Grenapin \u00e0 St Nazaire 50 rue Pitre Grenapin\" class=\"wp-image-2825\" srcset=\"http:\/\/www.marielaurepercot.fr\/wp-content\/uploads\/2025\/11\/candles-2628473_640.jpg 640w, http:\/\/www.marielaurepercot.fr\/wp-content\/uploads\/2025\/11\/candles-2628473_640-300x155.jpg 300w\" sizes=\"auto, (max-width: 640px) 100vw, 640px\" \/><\/figure>\n<\/div>\n<\/div>\n\n\n\n<p><strong>M\u00e9diter<\/strong><\/p>\n\n\n\n<p>Le solstice d\u2019hiver, c\u2019est c\u00e9l\u00e9brer la lumi\u00e8re dans la nuit. Rien de tel qu\u2019une veill\u00e9e pour choyer les derniers jours les plus courts et c\u00e9l\u00e9brer le tout d\u00e9but de la remont\u00e9e de la lumi\u00e8re du jour. Un instant o\u00f9 se c\u00f4toie encore le grand besoin de cocooning, de douceur et la joie de la lumi\u00e8re d\u2019une bougie qui amorce le mouvement d\u2019une \u00e9nergie qui se transforme, bascule dans un processus inverse.<\/p>\n\n\n\n<p><strong>R\u00e9veiller nos corps et les laisser danser<\/strong><\/p>\n\n\n\n<div class=\"wp-block-columns is-layout-flex wp-container-core-columns-is-layout-9d6595d7 wp-block-columns-is-layout-flex\">\n<div class=\"wp-block-column is-layout-flow wp-block-column-is-layout-flow\" style=\"flex-basis:33.33%\">\n<figure class=\"wp-block-image size-full\"><img loading=\"lazy\" decoding=\"async\" width=\"640\" height=\"426\" src=\"http:\/\/www.marielaurepercot.fr\/wp-content\/uploads\/2017\/02\/holi-2416686_640.jpg\" alt=\"veill\u00e9e d'amour, veill\u00e9e dans\u00e9e veill\u00e9e m\u00e9ditative Marie Laure Percot 50 rue Pitre Grenapin 44600 St Nazaire massoth\u00e9rapeute Somatoth\u00e9rapeute somatoth\u00e9rapie Praticienne de Chi Nei Tsang massage du ventre Loire AtlantiqueFrance prend soin un toucher doux et profond th\u00e9rapeutique\" class=\"wp-image-695\" srcset=\"http:\/\/www.marielaurepercot.fr\/wp-content\/uploads\/2017\/02\/holi-2416686_640.jpg 640w, http:\/\/www.marielaurepercot.fr\/wp-content\/uploads\/2017\/02\/holi-2416686_640-300x200.jpg 300w, http:\/\/www.marielaurepercot.fr\/wp-content\/uploads\/2017\/02\/holi-2416686_640-600x399.jpg 600w\" sizes=\"auto, (max-width: 640px) 100vw, 640px\" \/><\/figure>\n<\/div>\n\n\n\n<div class=\"wp-block-column is-layout-flow wp-block-column-is-layout-flow\" style=\"flex-basis:66.66%\">\n<p>Le solstice d\u2019hiver invite \u00e0 se mettre dans un mouvement fluide, tout en douceur et en d\u00e9li\u00e9. L\u2019eau qui circule en nous, nous engage \u00e0 suivre le courant, \u00e0 laver nos chagrins d\u2019une douche bienfaitrice. C\u2019est une attention \u00e0 notre ventre, nos reins : si\u00e8ge de notre vitalit\u00e9 pour c\u00e9l\u00e9brer l\u2019\u00e9nergie qui remonte tout doucement en nous \u00e0 l\u2019image de la lumi\u00e8re. Nos oreilles se raviront \u00e0 l\u2019\u00e9coute de chants et de musique qui nous entra\u00eeneront pour sentir la joie d\u2019\u00eatre ensemble.<\/p>\n<\/div>\n<\/div>\n\n\n\n<p><strong>Booster notre cr\u00e9ativit\u00e9<\/strong><\/p>\n\n\n\n<div class=\"wp-block-columns is-layout-flex wp-container-core-columns-is-layout-9d6595d7 wp-block-columns-is-layout-flex\">\n<div class=\"wp-block-column is-layout-flow wp-block-column-is-layout-flow\" style=\"flex-basis:66.66%\">\n<p>Vous repartirez avec votre guirlande illumin\u00e9e de vos intentions symboliques qui poursuivront leur chemin vers 2026.<\/p>\n<\/div>\n\n\n\n<div class=\"wp-block-column is-layout-flow wp-block-column-is-layout-flow\" style=\"flex-basis:33.33%\">\n<figure class=\"wp-block-image size-full\"><img loading=\"lazy\" decoding=\"async\" width=\"640\" height=\"360\" src=\"http:\/\/www.marielaurepercot.fr\/wp-content\/uploads\/2025\/11\/abstract-5719585_640.jpg\" alt=\"Veill\u00e9e d'amour le 19 d\u00e9cembre 2025 au Loft 7 rue de l'Etoile du Matin \u00e0 St Nazaire M\u00e9diter Danser r\u00e9veiller son corps activer sa Cr\u00e9ativit\u00e9 guirlande d'intentions Marie Laure Percot somatoth\u00e9rapeute praticienne du Chi Nei Tsang massage du ventre 50 rue Pitre Grenapin \u00e0 St Nazaire\" class=\"wp-image-2848\" srcset=\"http:\/\/www.marielaurepercot.fr\/wp-content\/uploads\/2025\/11\/abstract-5719585_640.jpg 640w, http:\/\/www.marielaurepercot.fr\/wp-content\/uploads\/2025\/11\/abstract-5719585_640-300x169.jpg 300w\" sizes=\"auto, (max-width: 640px) 100vw, 640px\" \/><\/figure>\n<\/div>\n<\/div>\n\n\n\n<p><strong>En pratique<\/strong><\/p>\n\n\n\n<p>Vous arrivez d\u00e8s que vous le pouvez entre 17h00 et 18h30, le d\u00e9roulement de l\u2019atelier permettra l\u2019accueil et l\u2019int\u00e9gration de chacun au sein de notre cercle m\u00e9ditatif, dans\u00e9 ou cr\u00e9atif. Tel un mantra, les propositions se r\u00e9p\u00e8teront, s\u2019\u00e9tofferont jusqu\u2019\u00e0 20h. Si vous avez besoin de partir plus t\u00f4t, ce sera possible \u00e9galement.<\/p>\n\n\n\n<p>Merci d\u2019apporter un coussin de m\u00e9ditation ou un petit si\u00e8ge pliant si vous pr\u00e9f\u00e9rez, il y a des tapis de yoga sur place, quelques chaises. Une couverture ou un grand ch\u00e2le pour vous envelopper, une paire de ciseaux et si possible quelques revues dont vous n\u2019avez plus besoin.<\/p>\n\n\n\n<p>Tarif : de 15 \u00e0 20\u20ac \u00e0 votre convenance<\/p>\n\n\n\n<p><strong>A quel endroit ?<\/strong><\/p>\n\n\n\n<p> Je serai heureuse de vous accueillir <strong>Au Loft,<\/strong> chez Xavier Portais-Ladousse, formateur et praticien du shiatsu, <strong>7 rue de l\u2019Etoile du Matin \u00e0 St Nazaire <\/strong>proche du rond-point Oc\u00e9anis. <strong>Le vendredi 19 d\u00e9cembre 2025, votre arriv\u00e9e de 17h00 \u00e0 18h30 et fin de l&rsquo;atelier \u00e0 20h<\/strong>. <\/p>\n\n\n\n<p>Pour vous inscrire,merci de m&rsquo;envoyez moi un texto au<strong> 06 87 21 64 20<\/strong> ou bien cliquer sur le bouton ci-dessous<\/p>\n\n\n\n<div class=\"wp-block-buttons is-content-justification-center is-layout-flex wp-container-core-buttons-is-layout-16018d1d wp-block-buttons-is-layout-flex\">\n<div class=\"wp-block-button\"><a class=\"wp-block-button__link has-text-color has-background wp-element-button\" href=\"https:\/\/www.marielaurepercot.fr\/index.php\/inscription-a-la-veillee-du-19-decembre-2025\/#page-content\" style=\"border-radius:5px;color:#d2202c;background-color:#f8991d\"><strong>Je m&rsquo;inscris<\/strong><\/a><\/div>\n<\/div>\n","protected":false},"excerpt":{"rendered":"<p>A nouveau, je vous propose de f\u00eater le solstice d&rsquo;hiver. Cette fois-ci, c&rsquo;est une veill\u00e9e \u00e0 l&rsquo;image d&rsquo;une ode \u00e0 la vie pour en mesurer tous les petits moments, toutes les petits \u00e9tapes n\u00e9cessaires qui nous permettent d&rsquo;en retrouver sa pleine saveur. C&rsquo;est un temps \u00e0 la fois d&rsquo;introspection et de partage. Je la concocte&hellip; <br \/> <a class=\"button small blue\" href=\"http:\/\/www.marielaurepercot.fr\/index.php\/2025\/11\/20\/veillee-du-solstice-dhiver-le-19-decembre\/\">Lire la suite<\/a><\/p>\n","protected":false},"author":2,"featured_media":2853,"comment_status":"closed","ping_status":"closed","sticky":false,"template":"","format":"standard","meta":{"_exactmetrics_skip_tracking":false,"_exactmetrics_sitenote_active":false,"_exactmetrics_sitenote_note":"","_exactmetrics_sitenote_category":0,"_themeisle_gutenberg_block_has_review":false,"footnotes":""},"categories":[1],"tags":[],"class_list":["post-2820","post","type-post","status-publish","format-standard","has-post-thumbnail","hentry","category-non-classe"],"yoast_head":"<!-- This site is optimized with the Yoast SEO plugin v26.4 - https:\/\/yoast.com\/wordpress\/plugins\/seo\/ -->\n<title>Veill\u00e9e du Solstice d&#039;hiver, le 19 d\u00e9cembre - Marie Laure Percot<\/title>\n<meta name=\"robots\" content=\"index, follow, max-snippet:-1, max-image-preview:large, max-video-preview:-1\" \/>\n<link rel=\"canonical\" href=\"http:\/\/www.marielaurepercot.fr\/index.php\/2025\/11\/20\/veillee-du-solstice-dhiver-le-19-decembre\/\" \/>\n<meta property=\"og:locale\" content=\"fr_FR\" \/>\n<meta property=\"og:type\" content=\"article\" \/>\n<meta property=\"og:title\" content=\"Veill\u00e9e du Solstice d&#039;hiver, le 19 d\u00e9cembre - Marie Laure Percot\" \/>\n<meta property=\"og:description\" content=\"A nouveau, je vous propose de f\u00eater le solstice d&rsquo;hiver. Cette fois-ci, c&rsquo;est une veill\u00e9e \u00e0 l&rsquo;image d&rsquo;une ode \u00e0 la vie pour en mesurer tous les petits moments, toutes les petits \u00e9tapes n\u00e9cessaires qui nous permettent d&rsquo;en retrouver sa pleine saveur. C&rsquo;est un temps \u00e0 la fois d&rsquo;introspection et de partage. Je la concocte&hellip; Lire la suite\" \/>\n<meta property=\"og:url\" content=\"http:\/\/www.marielaurepercot.fr\/index.php\/2025\/11\/20\/veillee-du-solstice-dhiver-le-19-decembre\/\" \/>\n<meta property=\"og:site_name\" content=\"Marie Laure Percot\" \/>\n<meta property=\"article:published_time\" content=\"2025-11-20T07:24:02+00:00\" \/>\n<meta property=\"article:modified_time\" content=\"2025-11-20T07:46:34+00:00\" \/>\n<meta property=\"og:image\" content=\"http:\/\/www.marielaurepercot.fr\/wp-content\/uploads\/2025\/11\/frozen-bubble-1943224_640.jpg\" \/>\n\t<meta property=\"og:image:width\" content=\"640\" \/>\n\t<meta property=\"og:image:height\" content=\"427\" \/>\n\t<meta property=\"og:image:type\" content=\"image\/jpeg\" \/>\n<meta name=\"author\" content=\"MarieLaure\" \/>\n<meta name=\"twitter:card\" content=\"summary_large_image\" \/>\n<meta name=\"twitter:label1\" content=\"\u00c9crit par\" \/>\n\t<meta name=\"twitter:data1\" content=\"MarieLaure\" \/>\n\t<meta name=\"twitter:label2\" content=\"Dur\u00e9e de lecture estim\u00e9e\" \/>\n\t<meta name=\"twitter:data2\" content=\"4 minutes\" \/>\n<script type=\"application\/ld+json\" class=\"yoast-schema-graph\">{\"@context\":\"https:\/\/schema.org\",\"@graph\":[{\"@type\":\"Article\",\"@id\":\"http:\/\/www.marielaurepercot.fr\/index.php\/2025\/11\/20\/veillee-du-solstice-dhiver-le-19-decembre\/#article\",\"isPartOf\":{\"@id\":\"http:\/\/www.marielaurepercot.fr\/index.php\/2025\/11\/20\/veillee-du-solstice-dhiver-le-19-decembre\/\"},\"author\":{\"name\":\"MarieLaure\",\"@id\":\"https:\/\/www.marielaurepercot.fr\/#\/schema\/person\/19b25771f9493dfeb97f533932bf21e2\"},\"headline\":\"Veill\u00e9e du Solstice d&rsquo;hiver, le 19 d\u00e9cembre\",\"datePublished\":\"2025-11-20T07:24:02+00:00\",\"dateModified\":\"2025-11-20T07:46:34+00:00\",\"mainEntityOfPage\":{\"@id\":\"http:\/\/www.marielaurepercot.fr\/index.php\/2025\/11\/20\/veillee-du-solstice-dhiver-le-19-decembre\/\"},\"wordCount\":496,\"publisher\":{\"@id\":\"https:\/\/www.marielaurepercot.fr\/#organization\"},\"image\":{\"@id\":\"http:\/\/www.marielaurepercot.fr\/index.php\/2025\/11\/20\/veillee-du-solstice-dhiver-le-19-decembre\/#primaryimage\"},\"thumbnailUrl\":\"http:\/\/www.marielaurepercot.fr\/wp-content\/uploads\/2025\/11\/frozen-bubble-1943224_640.jpg\",\"inLanguage\":\"fr-FR\"},{\"@type\":\"WebPage\",\"@id\":\"http:\/\/www.marielaurepercot.fr\/index.php\/2025\/11\/20\/veillee-du-solstice-dhiver-le-19-decembre\/\",\"url\":\"http:\/\/www.marielaurepercot.fr\/index.php\/2025\/11\/20\/veillee-du-solstice-dhiver-le-19-decembre\/\",\"name\":\"Veill\u00e9e du Solstice d'hiver, le 19 d\u00e9cembre - Marie Laure Percot\",\"isPartOf\":{\"@id\":\"https:\/\/www.marielaurepercot.fr\/#website\"},\"primaryImageOfPage\":{\"@id\":\"http:\/\/www.marielaurepercot.fr\/index.php\/2025\/11\/20\/veillee-du-solstice-dhiver-le-19-decembre\/#primaryimage\"},\"image\":{\"@id\":\"http:\/\/www.marielaurepercot.fr\/index.php\/2025\/11\/20\/veillee-du-solstice-dhiver-le-19-decembre\/#primaryimage\"},\"thumbnailUrl\":\"http:\/\/www.marielaurepercot.fr\/wp-content\/uploads\/2025\/11\/frozen-bubble-1943224_640.jpg\",\"datePublished\":\"2025-11-20T07:24:02+00:00\",\"dateModified\":\"2025-11-20T07:46:34+00:00\",\"breadcrumb\":{\"@id\":\"http:\/\/www.marielaurepercot.fr\/index.php\/2025\/11\/20\/veillee-du-solstice-dhiver-le-19-decembre\/#breadcrumb\"},\"inLanguage\":\"fr-FR\",\"potentialAction\":[{\"@type\":\"ReadAction\",\"target\":[\"http:\/\/www.marielaurepercot.fr\/index.php\/2025\/11\/20\/veillee-du-solstice-dhiver-le-19-decembre\/\"]}]},{\"@type\":\"ImageObject\",\"inLanguage\":\"fr-FR\",\"@id\":\"http:\/\/www.marielaurepercot.fr\/index.php\/2025\/11\/20\/veillee-du-solstice-dhiver-le-19-decembre\/#primaryimage\",\"url\":\"http:\/\/www.marielaurepercot.fr\/wp-content\/uploads\/2025\/11\/frozen-bubble-1943224_640.jpg\",\"contentUrl\":\"http:\/\/www.marielaurepercot.fr\/wp-content\/uploads\/2025\/11\/frozen-bubble-1943224_640.jpg\",\"width\":640,\"height\":427,\"caption\":\"Veill\u00e9e du soltice d'hiver vendredi 19 d\u00e9cembre 2025 de 17h \u00e0 20h 7 rue de l'\u00e9toile du matin \u00e0 st Nazaire Marie Laure Percot 50 rue Pitre Grenapin \u00e0 St nazaire somatoth\u00e9rapeute somatoth\u00e9rapie massoth\u00e9rapeute praticienne du masssage du ventre Le Chi Nei Tsang St Nazaire 44600 Loire Atlantique\"},{\"@type\":\"BreadcrumbList\",\"@id\":\"http:\/\/www.marielaurepercot.fr\/index.php\/2025\/11\/20\/veillee-du-solstice-dhiver-le-19-decembre\/#breadcrumb\",\"itemListElement\":[{\"@type\":\"ListItem\",\"position\":1,\"name\":\"Accueil\",\"item\":\"https:\/\/www.marielaurepercot.fr\/\"},{\"@type\":\"ListItem\",\"position\":2,\"name\":\"Veill\u00e9e du Solstice d&rsquo;hiver, le 19 d\u00e9cembre\"}]},{\"@type\":\"WebSite\",\"@id\":\"https:\/\/www.marielaurepercot.fr\/#website\",\"url\":\"https:\/\/www.marielaurepercot.fr\/\",\"name\":\"Marie Laure Percot\",\"description\":\"somatotherapeute\",\"publisher\":{\"@id\":\"https:\/\/www.marielaurepercot.fr\/#organization\"},\"potentialAction\":[{\"@type\":\"SearchAction\",\"target\":{\"@type\":\"EntryPoint\",\"urlTemplate\":\"https:\/\/www.marielaurepercot.fr\/?s={search_term_string}\"},\"query-input\":{\"@type\":\"PropertyValueSpecification\",\"valueRequired\":true,\"valueName\":\"search_term_string\"}}],\"inLanguage\":\"fr-FR\"},{\"@type\":\"Organization\",\"@id\":\"https:\/\/www.marielaurepercot.fr\/#organization\",\"name\":\"Marie Laure Percot\",\"url\":\"https:\/\/www.marielaurepercot.fr\/\",\"logo\":{\"@type\":\"ImageObject\",\"inLanguage\":\"fr-FR\",\"@id\":\"https:\/\/www.marielaurepercot.fr\/#\/schema\/logo\/image\/\",\"url\":\"http:\/\/www.marielaurepercot.fr\/wp-content\/uploads\/2025\/07\/LogoBD.png\",\"contentUrl\":\"http:\/\/www.marielaurepercot.fr\/wp-content\/uploads\/2025\/07\/LogoBD.png\",\"width\":340,\"height\":148,\"caption\":\"Marie Laure Percot\"},\"image\":{\"@id\":\"https:\/\/www.marielaurepercot.fr\/#\/schema\/logo\/image\/\"}},{\"@type\":\"Person\",\"@id\":\"https:\/\/www.marielaurepercot.fr\/#\/schema\/person\/19b25771f9493dfeb97f533932bf21e2\",\"name\":\"MarieLaure\",\"image\":{\"@type\":\"ImageObject\",\"inLanguage\":\"fr-FR\",\"@id\":\"https:\/\/www.marielaurepercot.fr\/#\/schema\/person\/image\/\",\"url\":\"https:\/\/secure.gravatar.com\/avatar\/472aeff88ffbcb86bf8f4cf238d93c1b0d2a95055f250ee061de15d30c173771?s=96&d=mm&r=g\",\"contentUrl\":\"https:\/\/secure.gravatar.com\/avatar\/472aeff88ffbcb86bf8f4cf238d93c1b0d2a95055f250ee061de15d30c173771?s=96&d=mm&r=g\",\"caption\":\"MarieLaure\"},\"url\":\"http:\/\/www.marielaurepercot.fr\/index.php\/author\/marielaure\/\"}]}<\/script>\n<!-- \/ Yoast SEO plugin. -->","yoast_head_json":{"title":"Veill\u00e9e du Solstice d'hiver, le 19 d\u00e9cembre - Marie Laure Percot","robots":{"index":"index","follow":"follow","max-snippet":"max-snippet:-1","max-image-preview":"max-image-preview:large","max-video-preview":"max-video-preview:-1"},"canonical":"http:\/\/www.marielaurepercot.fr\/index.php\/2025\/11\/20\/veillee-du-solstice-dhiver-le-19-decembre\/","og_locale":"fr_FR","og_type":"article","og_title":"Veill\u00e9e du Solstice d'hiver, le 19 d\u00e9cembre - Marie Laure Percot","og_description":"A nouveau, je vous propose de f\u00eater le solstice d&rsquo;hiver. Cette fois-ci, c&rsquo;est une veill\u00e9e \u00e0 l&rsquo;image d&rsquo;une ode \u00e0 la vie pour en mesurer tous les petits moments, toutes les petits \u00e9tapes n\u00e9cessaires qui nous permettent d&rsquo;en retrouver sa pleine saveur. C&rsquo;est un temps \u00e0 la fois d&rsquo;introspection et de partage. Je la concocte&hellip; Lire la suite","og_url":"http:\/\/www.marielaurepercot.fr\/index.php\/2025\/11\/20\/veillee-du-solstice-dhiver-le-19-decembre\/","og_site_name":"Marie Laure Percot","article_published_time":"2025-11-20T07:24:02+00:00","article_modified_time":"2025-11-20T07:46:34+00:00","og_image":[{"width":640,"height":427,"url":"http:\/\/www.marielaurepercot.fr\/wp-content\/uploads\/2025\/11\/frozen-bubble-1943224_640.jpg","type":"image\/jpeg"}],"author":"MarieLaure","twitter_card":"summary_large_image","twitter_misc":{"\u00c9crit par":"MarieLaure","Dur\u00e9e de lecture estim\u00e9e":"4 minutes"},"schema":{"@context":"https:\/\/schema.org","@graph":[{"@type":"Article","@id":"http:\/\/www.marielaurepercot.fr\/index.php\/2025\/11\/20\/veillee-du-solstice-dhiver-le-19-decembre\/#article","isPartOf":{"@id":"http:\/\/www.marielaurepercot.fr\/index.php\/2025\/11\/20\/veillee-du-solstice-dhiver-le-19-decembre\/"},"author":{"name":"MarieLaure","@id":"https:\/\/www.marielaurepercot.fr\/#\/schema\/person\/19b25771f9493dfeb97f533932bf21e2"},"headline":"Veill\u00e9e du Solstice d&rsquo;hiver, le 19 d\u00e9cembre","datePublished":"2025-11-20T07:24:02+00:00","dateModified":"2025-11-20T07:46:34+00:00","mainEntityOfPage":{"@id":"http:\/\/www.marielaurepercot.fr\/index.php\/2025\/11\/20\/veillee-du-solstice-dhiver-le-19-decembre\/"},"wordCount":496,"publisher":{"@id":"https:\/\/www.marielaurepercot.fr\/#organization"},"image":{"@id":"http:\/\/www.marielaurepercot.fr\/index.php\/2025\/11\/20\/veillee-du-solstice-dhiver-le-19-decembre\/#primaryimage"},"thumbnailUrl":"http:\/\/www.marielaurepercot.fr\/wp-content\/uploads\/2025\/11\/frozen-bubble-1943224_640.jpg","inLanguage":"fr-FR"},{"@type":"WebPage","@id":"http:\/\/www.marielaurepercot.fr\/index.php\/2025\/11\/20\/veillee-du-solstice-dhiver-le-19-decembre\/","url":"http:\/\/www.marielaurepercot.fr\/index.php\/2025\/11\/20\/veillee-du-solstice-dhiver-le-19-decembre\/","name":"Veill\u00e9e du Solstice d'hiver, le 19 d\u00e9cembre - Marie Laure Percot","isPartOf":{"@id":"https:\/\/www.marielaurepercot.fr\/#website"},"primaryImageOfPage":{"@id":"http:\/\/www.marielaurepercot.fr\/index.php\/2025\/11\/20\/veillee-du-solstice-dhiver-le-19-decembre\/#primaryimage"},"image":{"@id":"http:\/\/www.marielaurepercot.fr\/index.php\/2025\/11\/20\/veillee-du-solstice-dhiver-le-19-decembre\/#primaryimage"},"thumbnailUrl":"http:\/\/www.marielaurepercot.fr\/wp-content\/uploads\/2025\/11\/frozen-bubble-1943224_640.jpg","datePublished":"2025-11-20T07:24:02+00:00","dateModified":"2025-11-20T07:46:34+00:00","breadcrumb":{"@id":"http:\/\/www.marielaurepercot.fr\/index.php\/2025\/11\/20\/veillee-du-solstice-dhiver-le-19-decembre\/#breadcrumb"},"inLanguage":"fr-FR","potentialAction":[{"@type":"ReadAction","target":["http:\/\/www.marielaurepercot.fr\/index.php\/2025\/11\/20\/veillee-du-solstice-dhiver-le-19-decembre\/"]}]},{"@type":"ImageObject","inLanguage":"fr-FR","@id":"http:\/\/www.marielaurepercot.fr\/index.php\/2025\/11\/20\/veillee-du-solstice-dhiver-le-19-decembre\/#primaryimage","url":"http:\/\/www.marielaurepercot.fr\/wp-content\/uploads\/2025\/11\/frozen-bubble-1943224_640.jpg","contentUrl":"http:\/\/www.marielaurepercot.fr\/wp-content\/uploads\/2025\/11\/frozen-bubble-1943224_640.jpg","width":640,"height":427,"caption":"Veill\u00e9e du soltice d'hiver vendredi 19 d\u00e9cembre 2025 de 17h \u00e0 20h 7 rue de l'\u00e9toile du matin \u00e0 st Nazaire Marie Laure Percot 50 rue Pitre Grenapin \u00e0 St nazaire somatoth\u00e9rapeute somatoth\u00e9rapie massoth\u00e9rapeute praticienne du masssage du ventre Le Chi Nei Tsang St Nazaire 44600 Loire Atlantique"},{"@type":"BreadcrumbList","@id":"http:\/\/www.marielaurepercot.fr\/index.php\/2025\/11\/20\/veillee-du-solstice-dhiver-le-19-decembre\/#breadcrumb","itemListElement":[{"@type":"ListItem","position":1,"name":"Accueil","item":"https:\/\/www.marielaurepercot.fr\/"},{"@type":"ListItem","position":2,"name":"Veill\u00e9e du Solstice d&rsquo;hiver, le 19 d\u00e9cembre"}]},{"@type":"WebSite","@id":"https:\/\/www.marielaurepercot.fr\/#website","url":"https:\/\/www.marielaurepercot.fr\/","name":"Marie Laure Percot","description":"somatotherapeute","publisher":{"@id":"https:\/\/www.marielaurepercot.fr\/#organization"},"potentialAction":[{"@type":"SearchAction","target":{"@type":"EntryPoint","urlTemplate":"https:\/\/www.marielaurepercot.fr\/?s={search_term_string}"},"query-input":{"@type":"PropertyValueSpecification","valueRequired":true,"valueName":"search_term_string"}}],"inLanguage":"fr-FR"},{"@type":"Organization","@id":"https:\/\/www.marielaurepercot.fr\/#organization","name":"Marie Laure Percot","url":"https:\/\/www.marielaurepercot.fr\/","logo":{"@type":"ImageObject","inLanguage":"fr-FR","@id":"https:\/\/www.marielaurepercot.fr\/#\/schema\/logo\/image\/","url":"http:\/\/www.marielaurepercot.fr\/wp-content\/uploads\/2025\/07\/LogoBD.png","contentUrl":"http:\/\/www.marielaurepercot.fr\/wp-content\/uploads\/2025\/07\/LogoBD.png","width":340,"height":148,"caption":"Marie Laure Percot"},"image":{"@id":"https:\/\/www.marielaurepercot.fr\/#\/schema\/logo\/image\/"}},{"@type":"Person","@id":"https:\/\/www.marielaurepercot.fr\/#\/schema\/person\/19b25771f9493dfeb97f533932bf21e2","name":"MarieLaure","image":{"@type":"ImageObject","inLanguage":"fr-FR","@id":"https:\/\/www.marielaurepercot.fr\/#\/schema\/person\/image\/","url":"https:\/\/secure.gravatar.com\/avatar\/472aeff88ffbcb86bf8f4cf238d93c1b0d2a95055f250ee061de15d30c173771?s=96&d=mm&r=g","contentUrl":"https:\/\/secure.gravatar.com\/avatar\/472aeff88ffbcb86bf8f4cf238d93c1b0d2a95055f250ee061de15d30c173771?s=96&d=mm&r=g","caption":"MarieLaure"},"url":"http:\/\/www.marielaurepercot.fr\/index.php\/author\/marielaure\/"}]}},"_links":{"self":[{"href":"http:\/\/www.marielaurepercot.fr\/index.php\/wp-json\/wp\/v2\/posts\/2820","targetHints":{"allow":["GET"]}}],"collection":[{"href":"http:\/\/www.marielaurepercot.fr\/index.php\/wp-json\/wp\/v2\/posts"}],"about":[{"href":"http:\/\/www.marielaurepercot.fr\/index.php\/wp-json\/wp\/v2\/types\/post"}],"author":[{"embeddable":true,"href":"http:\/\/www.marielaurepercot.fr\/index.php\/wp-json\/wp\/v2\/users\/2"}],"replies":[{"embeddable":true,"href":"http:\/\/www.marielaurepercot.fr\/index.php\/wp-json\/wp\/v2\/comments?post=2820"}],"version-history":[{"count":12,"href":"http:\/\/www.marielaurepercot.fr\/index.php\/wp-json\/wp\/v2\/posts\/2820\/revisions"}],"predecessor-version":[{"id":2857,"href":"http:\/\/www.marielaurepercot.fr\/index.php\/wp-json\/wp\/v2\/posts\/2820\/revisions\/2857"}],"wp:featuredmedia":[{"embeddable":true,"href":"http:\/\/www.marielaurepercot.fr\/index.php\/wp-json\/wp\/v2\/media\/2853"}],"wp:attachment":[{"href":"http:\/\/www.marielaurepercot.fr\/index.php\/wp-json\/wp\/v2\/media?parent=2820"}],"wp:term":[{"taxonomy":"category","embeddable":true,"href":"http:\/\/www.marielaurepercot.fr\/index.php\/wp-json\/wp\/v2\/categories?post=2820"},{"taxonomy":"post_tag","embeddable":true,"href":"http:\/\/www.marielaurepercot.fr\/index.php\/wp-json\/wp\/v2\/tags?post=2820"}],"curies":[{"name":"wp","href":"https:\/\/api.w.org\/{rel}","templated":true}]}}